{"id":516,"date":"2025-03-15T10:00:40","date_gmt":"2025-03-15T09:00:40","guid":{"rendered":"https:\/\/dein-plaetzchen.de\/?p=516"},"modified":"2025-03-12T16:32:37","modified_gmt":"2025-03-12T15:32:37","slug":"oster-basteln","status":"publish","type":"post","link":"https:\/\/dein-plaetzchen.de\/index.php\/2025\/03\/15\/oster-basteln\/","title":{"rendered":"Oster-Basteln"},"content":{"rendered":"<p>Herzliche Einladung an Kindergartenkinder ab 5 Jahren und Grundschulkinder(ohne Eltern) ins Berliner Pl\u00e4tzchen.<\/p>\n<p>Wir wollen dort am <strong>29. M\u00e4rz von 10.00- 12.00<\/strong> gemeinsam basteln f\u00fcr Ostern, aber auch etwas erfahren \u00fcber die besonderen Tage in der letzten Woche vor dem Fest (Palmsonntag, Gr\u00fcndonnerstag, Karfreitag).<\/p>\n<p>Damit wir wissen, wieviel Material, wieviel Saft und wie viele Pl\u00e4tzchen wir kaufen m\u00fcssen, ist eine <strong>Anmeldung \u00fcber das Pfarrb\u00fcro<\/strong> von St. Johann Baptist n\u00f6tig: <strong>660433 (bis zum 24.3.)<\/strong><\/p>\n","protected":false},"excerpt":{"rendered":"<p>Herzliche Einladung an Kindergartenkinder ab 5 Jahren und Grundschulkinder(ohne Eltern) ins Berliner Pl\u00e4tzchen. Wir wollen dort am 29. M\u00e4rz von 10.00- 12.00 gemeinsam basteln f\u00fcr Ostern, aber auch etwas erfahren \u00fcber die besonderen Tage in der letzten Woche vor dem Fest (Palmsonntag, Gr\u00fcndonnerstag, Karfreitag). Damit wir wissen, wieviel Material, wieviel Saft und wie viele Pl\u00e4tzchen &hellip; <\/p>\n<p class=\"link-more\"><a href=\"https:\/\/dein-plaetzchen.de\/index.php\/2025\/03\/15\/oster-basteln\/\" class=\"more-link\">Mehr <span class=\"screen-reader-text\">\u00fcber &#8222;Oster-Basteln&#8220; <\/span>Lesen<\/a><\/p>\n","protected":false},"author":5,"featured_media":515,"comment_status":"closed","ping_status":"closed","sticky":false,"template":"","format":"standard","meta":{"footnotes":""},"categories":[1],"tags":[],"_links":{"self":[{"href":"https:\/\/dein-plaetzchen.de\/index.php\/wp-json\/wp\/v2\/posts\/516"}],"collection":[{"href":"https:\/\/dein-plaetzchen.de\/index.php\/wp-json\/wp\/v2\/posts"}],"about":[{"href":"https:\/\/dein-plaetzchen.de\/index.php\/wp-json\/wp\/v2\/types\/post"}],"author":[{"embeddable":true,"href":"https:\/\/dein-plaetzchen.de\/index.php\/wp-json\/wp\/v2\/users\/5"}],"replies":[{"embeddable":true,"href":"https:\/\/dein-plaetzchen.de\/index.php\/wp-json\/wp\/v2\/comments?post=516"}],"version-history":[{"count":1,"href":"https:\/\/dein-plaetzchen.de\/index.php\/wp-json\/wp\/v2\/posts\/516\/revisions"}],"predecessor-version":[{"id":517,"href":"https:\/\/dein-plaetzchen.de\/index.php\/wp-json\/wp\/v2\/posts\/516\/revisions\/517"}],"wp:featuredmedia":[{"embeddable":true,"href":"https:\/\/dein-plaetzchen.de\/index.php\/wp-json\/wp\/v2\/media\/515"}],"wp:attachment":[{"href":"https:\/\/dein-plaetzchen.de\/index.php\/wp-json\/wp\/v2\/media?parent=516"}],"wp:term":[{"taxonomy":"category","embeddable":true,"href":"https:\/\/dein-plaetzchen.de\/index.php\/wp-json\/wp\/v2\/categories?post=516"},{"taxonomy":"post_tag","embeddable":true,"href":"https:\/\/dein-plaetzchen.de\/index.php\/wp-json\/wp\/v2\/tags?post=516"}],"curies":[{"name":"wp","href":"https:\/\/api.w.org\/{rel}","templated":true}]}}