{"id":509,"date":"2025-03-12T15:18:26","date_gmt":"2025-03-12T14:18:26","guid":{"rendered":"https:\/\/dein-plaetzchen.de\/?p=509"},"modified":"2025-03-12T15:33:13","modified_gmt":"2025-03-12T14:33:13","slug":"hungertuch-2025","status":"publish","type":"post","link":"https:\/\/dein-plaetzchen.de\/index.php\/2025\/03\/12\/hungertuch-2025\/","title":{"rendered":"Hungertuch 2025"},"content":{"rendered":"<h3>&#8222;Gemeinsam tr\u00e4umen &#8211; Liebe seit Tat&#8220;<\/h3>\n<p>Diesen Titel gab die K\u00fcnstlerin Konstanze Tr\u00f6mmer dem aktuellen Hungertuch. Sie k\u00f6nne Liebe nicht als Gerede, sondern nur als Tun darstellen, sagte sie.<\/p>\n<p><a href=\"https:\/\/dein-plaetzchen.de\/wp-content\/uploads\/2025\/03\/MVG_Logo_HT-25-26_FARBIG_72dpi.jpg\"><img decoding=\"async\" loading=\"lazy\" class=\"wp-image-508 aligncenter\" src=\"https:\/\/dein-plaetzchen.de\/wp-content\/uploads\/2025\/03\/MVG_Logo_HT-25-26_FARBIG_72dpi-300x149.jpg\" alt=\"\" width=\"546\" height=\"271\" srcset=\"https:\/\/dein-plaetzchen.de\/wp-content\/uploads\/2025\/03\/MVG_Logo_HT-25-26_FARBIG_72dpi-300x149.jpg 300w, https:\/\/dein-plaetzchen.de\/wp-content\/uploads\/2025\/03\/MVG_Logo_HT-25-26_FARBIG_72dpi-768x381.jpg 768w, https:\/\/dein-plaetzchen.de\/wp-content\/uploads\/2025\/03\/MVG_Logo_HT-25-26_FARBIG_72dpi.jpg 1000w\" sizes=\"(max-width: 546px) 100vw, 546px\" \/><\/a><\/p>\n<p>Im Gegensatz zu den zuletzt gestalteten Hungert\u00fcchern pr\u00e4sentiert die K\u00fcnstlerin ein realistisches Bild, auf dem ausnahmslos Kinder unterschiedlichen Alters und aus verschiedenen L\u00e4ndern auf einer Insel zu sehen sind. Wie sie dahin gekommen sind und welche Perspektiven sie haben, bleibt offen. Damit er\u00f6ffnet sich die M\u00f6glichkeit f\u00fcr den Austausch und das Gespr\u00e4ch unter den Teilnehmerinnen und Teilnehmern.<\/p>\n<h4>Herzliche Einladung ins Berliner Pl\u00e4tzchen am Donnerstag, 20.03. um 19.30 Uhr.<\/h4>\n","protected":false},"excerpt":{"rendered":"<p>&#8222;Gemeinsam tr\u00e4umen &#8211; Liebe seit Tat&#8220; Diesen Titel gab die K\u00fcnstlerin Konstanze Tr\u00f6mmer dem aktuellen Hungertuch. Sie k\u00f6nne Liebe nicht als Gerede, sondern nur als Tun darstellen, sagte sie. Im Gegensatz zu den zuletzt gestalteten Hungert\u00fcchern pr\u00e4sentiert die K\u00fcnstlerin ein realistisches Bild, auf dem ausnahmslos Kinder unterschiedlichen Alters und aus verschiedenen L\u00e4ndern auf einer Insel &hellip; <\/p>\n<p class=\"link-more\"><a href=\"https:\/\/dein-plaetzchen.de\/index.php\/2025\/03\/12\/hungertuch-2025\/\" class=\"more-link\">Mehr <span class=\"screen-reader-text\">\u00fcber &#8222;Hungertuch 2025&#8220; <\/span>Lesen<\/a><\/p>\n","protected":false},"author":5,"featured_media":510,"comment_status":"closed","ping_status":"closed","sticky":false,"template":"","format":"standard","meta":{"footnotes":""},"categories":[1],"tags":[],"_links":{"self":[{"href":"https:\/\/dein-plaetzchen.de\/index.php\/wp-json\/wp\/v2\/posts\/509"}],"collection":[{"href":"https:\/\/dein-plaetzchen.de\/index.php\/wp-json\/wp\/v2\/posts"}],"about":[{"href":"https:\/\/dein-plaetzchen.de\/index.php\/wp-json\/wp\/v2\/types\/post"}],"author":[{"embeddable":true,"href":"https:\/\/dein-plaetzchen.de\/index.php\/wp-json\/wp\/v2\/users\/5"}],"replies":[{"embeddable":true,"href":"https:\/\/dein-plaetzchen.de\/index.php\/wp-json\/wp\/v2\/comments?post=509"}],"version-history":[{"count":4,"href":"https:\/\/dein-plaetzchen.de\/index.php\/wp-json\/wp\/v2\/posts\/509\/revisions"}],"predecessor-version":[{"id":514,"href":"https:\/\/dein-plaetzchen.de\/index.php\/wp-json\/wp\/v2\/posts\/509\/revisions\/514"}],"wp:featuredmedia":[{"embeddable":true,"href":"https:\/\/dein-plaetzchen.de\/index.php\/wp-json\/wp\/v2\/media\/510"}],"wp:attachment":[{"href":"https:\/\/dein-plaetzchen.de\/index.php\/wp-json\/wp\/v2\/media?parent=509"}],"wp:term":[{"taxonomy":"category","embeddable":true,"href":"https:\/\/dein-plaetzchen.de\/index.php\/wp-json\/wp\/v2\/categories?post=509"},{"taxonomy":"post_tag","embeddable":true,"href":"https:\/\/dein-plaetzchen.de\/index.php\/wp-json\/wp\/v2\/tags?post=509"}],"curies":[{"name":"wp","href":"https:\/\/api.w.org\/{rel}","templated":true}]}}